{"id":10578,"date":"2023-07-27T11:20:08","date_gmt":"2023-07-27T09:20:08","guid":{"rendered":"https:\/\/ititoca.com\/?p=10578"},"modified":"2023-07-25T11:47:42","modified_gmt":"2023-07-25T09:47:42","slug":"lentreprise-inspirante-du-mois-de-juillet","status":"publish","type":"post","link":"https:\/\/ititoca.com\/index.php\/2023\/07\/27\/lentreprise-inspirante-du-mois-de-juillet\/","title":{"rendered":"L&rsquo;entreprise inspirante du mois de juillet"},"content":{"rendered":"\n<p>Il existe des centaines d\u2019associations et d\u2019entreprises inspirantes autour de nous. Chacune d\u2019entre elles a d\u00e9cid\u00e9 de faire de l\u2019un des enjeux de notre \u00e9poque, une priorit\u00e9. Chaque mois, nous vous proposons de d\u00e9couvrir 1 nouvelle entreprise ou association de tailles, de secteurs et d\u2019histoires bien diff\u00e9rentes dans le but de vous inspirer \u00e0 d\u00e9velopper votre pouvoir d\u2019agir !<\/p>\n\n\n\n<p>Ce mois-ci, l&rsquo;entreprise inspirante \u00e0 d\u00e9couvrir est <strong>Team For The Planet<\/strong>.<\/p>\n\n\n\n<h2 class=\"wp-block-heading has-large-font-size\">Team For The Planet<\/h2>\n\n\n\n<h3 class=\"wp-block-heading\" style=\"font-size:25px\">Quel r\u00f4le pour l\u2019entreprise de demain ? \ud83d\udd0d<\/h3>\n\n\n\n<p>Alors que les \u00e9v\u00e9nements m\u00e9t\u00e9orologiques extr\u00eames s\u2019encha\u00eenent, que la r\u00e9glementation fran\u00e7aise (<a href=\"https:\/\/www.legifrance.gouv.fr\/jorf\/id\/JORFTEXT000034290626\">Loi sur le Devoir de Vigilance<\/a>) et europ\u00e9enne \u00e9volue (<a href=\"https:\/\/commission.europa.eu\/strategy-and-policy\/priorities-2019-2024\/european-green-deal_fr\">Green Deal<\/a>) et que les attaques en justice pour d\u00e9fendre les enjeux socio-\u00e9conomiques s&rsquo;intensifient, on peut constater que <strong>la responsabilit\u00e9 des entreprises a \u00e9volu\u00e9<\/strong>, et par cons\u00e9quent, leur r\u00f4le aussi.\u00a0<\/p>\n\n\n\n<p>Selon <a href=\"https:\/\/www.insee.fr\/fr\/information\/4226820\" title=\"l\u2019INSEE,\">l\u2019INSEE,<\/a> une entreprise se d\u00e9finit comme \u00e9tant <em>\u201cune unit\u00e9 \u00e9conomique, juridiquement autonome dont la fonction principale est de produire des biens ou des services pour le march\u00e9\u201d<\/em>.\u00a0<\/p>\n\n\n\n<p>Les premi\u00e8res formes d\u2019entrepreneuriat apparaissent d\u00e8s le XIVe si\u00e8cle. \u00c0 cette \u00e9poque, les conditions commencent \u00e0 \u00eatre favorables pour le march\u00e9 et les \u00e9changes commerciaux. Les \u00e9changes marchands avaient \u00e0 l&rsquo;\u00e9poque un fonctionnement beaucoup plus simple qu\u2019aujourd\u2019hui, avec notamment moins d\u2019interm\u00e9diaires et des produits moins techniques (moins de mati\u00e8res premi\u00e8res, moins d\u2019\u00e9nergie disponible, moins de force de travail\u2026). Nous sommes encore bien loin de la r\u00e9volution industrielle et de la mondialisation.\u00a0Les cons\u00e9quences et les impacts (positif comme n\u00e9gatif) \u00e9taient donc bien moins importants pour les \u00c9tats, la soci\u00e9t\u00e9 et l&rsquo;environnement.<\/p>\n\n\n\n<figure class=\"wp-block-image aligncenter size-full is-resized\"><a href=\"https:\/\/tracesdefrance.fr\/2022\/01\/23\/quand-le-moyen-age-faisait-la-foire-histoire-et-civilisations\/\"><img fetchpriority=\"high\" decoding=\"async\" src=\"https:\/\/ititoca.com\/wp-content\/uploads\/2023\/07\/Une-foire-franche-a-Grand-au-Moyen-Age.jpeg\" alt=\"\" class=\"wp-image-10584\" width=\"724\" height=\"494\" srcset=\"https:\/\/ititoca.com\/wp-content\/uploads\/2023\/07\/Une-foire-franche-a-Grand-au-Moyen-Age.jpeg 700w, https:\/\/ititoca.com\/wp-content\/uploads\/2023\/07\/Une-foire-franche-a-Grand-au-Moyen-Age-300x205.jpeg 300w, https:\/\/ititoca.com\/wp-content\/uploads\/2023\/07\/Une-foire-franche-a-Grand-au-Moyen-Age-474x324.jpeg 474w\" sizes=\"(max-width: 724px) 100vw, 724px\" \/><\/a><\/figure>\n\n\n\n<p>L\u2019entreprise dite \u201cmoderne\u201d appara\u00eet au <strong>XVIe si\u00e8cle<\/strong>. Elle a pour r\u00f4le de r\u00e9pondre \u00e0 un besoin de la soci\u00e9t\u00e9, mais <strong>elle a surtout un r\u00f4le \u00e9conomique<\/strong>. Elle permet de <strong>cr\u00e9er de l\u2019emploi localement et g\u00e9n\u00e9rer une croissance \u00e9conomique pour l&rsquo;\u00c9tat<\/strong>. Jusqu\u2019\u00e0 peu, la soci\u00e9t\u00e9 civile n\u2019attendait rien de plus de la part des entreprises. Cependant, \u00e0 partir du <strong>XIXe si\u00e8cle<\/strong>, de par leur apport \u00e9conomique pour les \u00c9tats, l\u2019entreprise a pris de plus en plus <strong>une place dans la politique<\/strong>. C&rsquo;est notamment \u00e0 cette \u00e9poque qu&rsquo;appara\u00eet le <strong>lobbyisme<\/strong> au Royaume-Uni et aux \u00c9tats-Unis.\u00a0<\/p>\n\n\n\n<p>Ainsi, les<strong> int\u00e9r\u00eats priv\u00e9s<\/strong>, tout comme les enjeux port\u00e9s par les ONG, commencent \u00e0 \u00eatre \u00e9cout\u00e9s pour \u00eatre <strong>pris en compte ou non dans les d\u00e9cisions politiques<\/strong>. Aujourd&rsquo;hui, le lobbyisme peut encore avoir des travers, mais il permet d&rsquo;avoir une d\u00e9marche de co-construction avec les diff\u00e9rents acteurs et repr\u00e9sentants concern\u00e9s par des sujets politiques.<\/p>\n\n\n\n<p>Cependant, en prenant part des choix politiques des gouvernements, l\u2019entreprise devient responsable des ces d\u00e9cisions interne et politique ainsi que de leurs cons\u00e9quences. Appara\u00eet <strong>la notion de responsabilit\u00e9<\/strong>. Que ce soit \u00e0 travers la normalisation (<a href=\"https:\/\/www.afnor.org\/\">Afnor<\/a> en France, <a href=\"https:\/\/www.iso.org\/fr\/home.html\">ISO<\/a> \u00e0 l&rsquo;international) qui peut aboutir sur des r\u00e9glementations ou bien en travaillant sur des projets de loi ou bien des questions de droits, l<strong>\u2019entreprise a d\u00e9sormais des responsabilit\u00e9s envers la soci\u00e9t\u00e9 civile et l&rsquo;environnement<\/strong>.\u00a0<\/p>\n\n\n\n<p>\u00c0 l\u2019heure, o\u00f9 les in\u00e9galit\u00e9s divisent, o\u00f9 le changement climatique pr\u00e9occupe et o\u00f9 <a href=\"https:\/\/bonpote.com\/100-entreprises-sont-elles-responsables-de-71-des-emissions\/#:~:text=70.6%25%20(arrondi%20%C3%A0%2071%25),%C3%A9mis%20lors%20de%20la%20combustion.\">100 entreprises sont responsables de 71 % des \u00e9missions de gaz \u00e0 effet de serre<\/a> (depuis 1988), le r\u00f4le de l\u2019entreprise \u00e9volue.<br><\/p>\n\n\n\n<p>Alors, depuis quelques ann\u00e9es, une nouvelle forme d&rsquo;entrepreneuriat engag\u00e9 appara\u00eet et des entreprises font un quart de tour dans le but de s\u2019engager dans une mission sociale et\/ou environnementale (<a href=\"https:\/\/www.economie.gouv.fr\/plan-entreprises-pacte\">Loi PACTE<\/a> \/ <a href=\"https:\/\/www.entreprisesamission.org\/presentation\/\">Communaut\u00e9 des entreprises \u00e0 mission<\/a>). Ainsi leur r\u00f4le n\u2019est plus simplement \u00e9conomique ni m\u00eame politique, mais il doit aussi r\u00e9pondre \u00e0 une des probl\u00e9matiques de notre soci\u00e9t\u00e9. <strong>Il ne suffit plus de g\u00e9n\u00e9rer uniquement de la valeur financi\u00e8re, l\u2019entreprise doit avoir un sens et une utilit\u00e9<\/strong>.<\/p>\n\n\n\n<h3 class=\"wp-block-heading\" style=\"font-size:25px\">L&rsquo;entrepreneuriat au service de l\u2019urgence climatique <\/h3>\n\n\n\n<p>C\u2019est dans cette dynamique que <a href=\"https:\/\/team-planet.com\/fr\">Team For The Planet<\/a> (TFTP), une holding d\u2019investissement a vu le jour en 2019. Team For The Planet est une entreprise inspirante qui est issue d&rsquo;un mouvement citoyen fran\u00e7ais. <strong>Sa mission est de lutter contre le changement climatique<\/strong>. Elle se compose de 3 domaines d\u2019actions :\u00a0<\/p>\n\n\n\n<ul class=\"wp-block-list\">\n<li>rep\u00e9rer les innovations \u00e0 fort impact environnemental ;<\/li>\n\n\n\n<li>recruter des entrepreneurs exp\u00e9riment\u00e9s pour transformer ces innovations en entreprises performantes avec des business models solides ;<\/li>\n\n\n\n<li>investir de l\u2019argent pour maximiser et acc\u00e9l\u00e9rer le d\u00e9ploiement de ces entreprises.<\/li>\n<\/ul>\n\n\n\n<p><span style=\"text-decoration: underline\">Le principe est simple :<\/span> s\u00e9lectionner des projets entrepreneuriaux innovants qui permettront de lutter contre le changement climatique. Les partager \u00e0 un comit\u00e9 scientifique pour s\u2019assurer de la viabilit\u00e9 de l\u2019innovation sur le plan climatique puis sur le plan \u00e9conomique. Une fois ses tests pass\u00e9s et r\u00e9ussis, le projet est ensuite soumis aux votes de l\u2019ensemble des actionnaires pour obtenir l\u2019accord d\u2019investissement.\u00a0<\/p>\n\n\n\n<p><strong>Le financement est possible gr\u00e2ce aux citoyens et aux entreprises<\/strong> qui d\u00e9cident d\u2019investir et de s\u2019engager dans la lutte contre le changement climatique sans attendre aucun retour financier. Ainsi, n\u2019importe quel citoyen peut devenir actionnaire de TFTP \u00e0 hauteur d\u20191 \u20ac minimum.<\/p>\n\n\n\n<figure class=\"wp-block-image alignright size-large is-resized\"><img decoding=\"async\" src=\"https:\/\/ititoca.com\/wp-content\/uploads\/2023\/07\/Principe-de-lombre-climatique-Team-For-The-Planet-1024x538.jpeg\" alt=\"Entreprise inspirante : TFTP\nPrincipe d'ombre climatique\" class=\"wp-image-10583\" width=\"400\" height=\"210\" srcset=\"https:\/\/ititoca.com\/wp-content\/uploads\/2023\/07\/Principe-de-lombre-climatique-Team-For-The-Planet-1024x538.jpeg 1024w, https:\/\/ititoca.com\/wp-content\/uploads\/2023\/07\/Principe-de-lombre-climatique-Team-For-The-Planet-300x158.jpeg 300w, https:\/\/ititoca.com\/wp-content\/uploads\/2023\/07\/Principe-de-lombre-climatique-Team-For-The-Planet-768x403.jpeg 768w, https:\/\/ititoca.com\/wp-content\/uploads\/2023\/07\/Principe-de-lombre-climatique-Team-For-The-Planet.jpeg 1200w\" sizes=\"(max-width: 400px) 100vw, 400px\" \/><figcaption class=\"wp-element-caption\">Principe d&rsquo;ombre climatique &#8211; TFTP<\/figcaption><\/figure>\n\n\n\n<p>TFTP est un catalyseur de l\u2019engagement citoyen pour lutter contre le CO2. D\u2019ailleurs, <strong>la r\u00e9ussite de sa mission ne se mesure pas en euro, mais bien en tonne de CO2<\/strong>.\u00a0<\/p>\n\n\n\n<p>Cela fait maintenant 4 ans que TFTP existe, la soci\u00e9t\u00e9 a r\u00e9uni plus de <strong>112 000 associ\u00e9s<\/strong> qui ont permis de g\u00e9n\u00e9rer pr\u00e8s de <strong>24 millions d\u2019euros pour investir dans ces projets \u00e0 impact<\/strong>. Aujourd\u2019hui, plus de 1 400 projets d\u2019innovations ont \u00e9t\u00e9 re\u00e7us par TFTP et 5 ont d\u00e9j\u00e0 r\u00e9ussi toutes les \u00e9tapes et sont devenues des entreprises :<\/p>\n\n\n\n<ul class=\"wp-block-list\">\n<li><strong>Cool Roof France :<\/strong> une solution passive et low-tech de protection des b\u00e2timents face aux fortes chaleurs li\u00e9es au d\u00e9r\u00e8glement climatique (vid\u00e9o ci-dessous \ud83d\udc47\ud83c\udffc).\u00a0<\/li>\n\n\n\n<li><strong>Shyva : <\/strong>&nbsp;une solution pour am\u00e9liorer la production d\u2019hydrog\u00e8ne vert.<\/li>\n\n\n\n<li><strong>Beyond The Sea :<\/strong> une solution pour rendre efficiente et universelle la traction par kite pour les navires de toutes tailles et r\u00e9duire la consommation de carburant.<\/li>\n\n\n\n<li><strong>Carbon Time :<\/strong> une solution pour transformer les CO2 en roche.<\/li>\n\n\n\n<li><strong>Leviathan Dynamics :<\/strong> une solution frigorifique efficiente et durable.&nbsp;<\/li>\n<\/ul>\n\n\n\n<p>Ainsi le r\u00f4le de cette entreprise est avant tout de <strong>servir l\u2019int\u00e9r\u00eat g\u00e9n\u00e9ral en \u00e9vitant ou captant le CO2 \u00e9mis <\/strong>par les entreprises \u201cd\u2019hier\u201d. En 2022, pour la premi\u00e8re ann\u00e9e d\u2019activit\u00e9 des 5 entreprises issues de TFTP, ce sont pr\u00e8s de <strong>9 483 200 kilogrammes de CO2<\/strong> qui ont pu \u00eatre \u00e9vit\u00e9s ou captur\u00e9s. <strong>L&rsquo;objectif est d&rsquo;atteindre 75 milliards de kilogrammes de CO2 \u00e9vit\u00e9s ou capt\u00e9s d&rsquo;ici 2032<\/strong>.<\/p>\n\n\n\n<figure class=\"wp-block-embed is-type-video is-provider-youtube wp-block-embed-youtube wp-embed-aspect-16-9 wp-has-aspect-ratio\"><div class=\"wp-block-embed__wrapper\">\n<div class=\"zak-oembed-container\"><iframe title=\"Cette entreprise bretonne repeint les toits en blanc pour s&#039;adapter aux canicules\" width=\"812\" height=\"457\" src=\"https:\/\/www.youtube.com\/embed\/f_ZNahXIxMc?feature=oembed\" frameborder=\"0\" allow=\"accelerometer; autoplay; clipboard-write; encrypted-media; gyroscope; picture-in-picture; web-share\" allowfullscreen><\/iframe><\/div>\n<\/div><\/figure>\n\n\n\n<hr class=\"wp-block-separator has-alpha-channel-opacity\" \/>\n\n\n\n<p>\ud83d\udc49\ud83c\udffc D\u00e9couvrez d&rsquo;autres entreprises inspirantes ici : <a href=\"https:\/\/ititoca.com\/index.php\/2023\/04\/27\/les-entreprises-inspirantes-du-mois-davril\/\" title=\"Les entreprises du mois d'avril\">Les entreprises du mois d&rsquo;avril<\/a><\/p>\n","protected":false},"excerpt":{"rendered":"<p>Chaque mois, d\u00e9couvrez une nouvelle entreprise inspirante afin pour vous aider \u00e0 d\u00e9velopper votre pouvoir d&rsquo;agir ! Ce mois-ci, c&rsquo;est Team For The Planet.<\/p>\n","protected":false},"author":8,"featured_media":10586,"comment_status":"closed","ping_status":"open","sticky":false,"template":"","format":"standard","meta":{"zakra_sidebar_layout":"customizer","zakra_remove_content_margin":false,"zakra_sidebar":"customizer","zakra_transparent_header":"customizer","zakra_logo":0,"zakra_main_header_style":"default","zakra_menu_item_color":"","zakra_menu_item_hover_color":"","zakra_menu_item_active_color":"","zakra_menu_active_style":"","zakra_page_header":true,"content-type":"","_monsterinsights_skip_tracking":false,"_monsterinsights_sitenote_active":false,"_monsterinsights_sitenote_note":"","_monsterinsights_sitenote_category":0,"footnotes":""},"categories":[45,35,36],"tags":[37,33,38],"class_list":["post-10578","post","type-post","status-publish","format-standard","has-post-thumbnail","hentry","category-etre","category-inspiration","category-rse","tag-entreprise","tag-inspiration","tag-rse"],"aioseo_notices":[],"_links":{"self":[{"href":"https:\/\/ititoca.com\/index.php\/wp-json\/wp\/v2\/posts\/10578","targetHints":{"allow":["GET"]}}],"collection":[{"href":"https:\/\/ititoca.com\/index.php\/wp-json\/wp\/v2\/posts"}],"about":[{"href":"https:\/\/ititoca.com\/index.php\/wp-json\/wp\/v2\/types\/post"}],"author":[{"embeddable":true,"href":"https:\/\/ititoca.com\/index.php\/wp-json\/wp\/v2\/users\/8"}],"replies":[{"embeddable":true,"href":"https:\/\/ititoca.com\/index.php\/wp-json\/wp\/v2\/comments?post=10578"}],"version-history":[{"count":20,"href":"https:\/\/ititoca.com\/index.php\/wp-json\/wp\/v2\/posts\/10578\/revisions"}],"predecessor-version":[{"id":10601,"href":"https:\/\/ititoca.com\/index.php\/wp-json\/wp\/v2\/posts\/10578\/revisions\/10601"}],"wp:featuredmedia":[{"embeddable":true,"href":"https:\/\/ititoca.com\/index.php\/wp-json\/wp\/v2\/media\/10586"}],"wp:attachment":[{"href":"https:\/\/ititoca.com\/index.php\/wp-json\/wp\/v2\/media?parent=10578"}],"wp:term":[{"taxonomy":"category","embeddable":true,"href":"https:\/\/ititoca.com\/index.php\/wp-json\/wp\/v2\/categories?post=10578"},{"taxonomy":"post_tag","embeddable":true,"href":"https:\/\/ititoca.com\/index.php\/wp-json\/wp\/v2\/tags?post=10578"}],"curies":[{"name":"wp","href":"https:\/\/api.w.org\/{rel}","templated":true}]}}